{"id":674,"date":"2025-08-29T10:54:26","date_gmt":"2025-08-29T08:54:26","guid":{"rendered":"https:\/\/fundacjapelnaciepla.org\/?p=674"},"modified":"2025-08-29T10:58:01","modified_gmt":"2025-08-29T08:58:01","slug":"","status":"publish","type":"post","link":"https:\/\/fundacjapelnaciepla.org\/aktualnosci\/sukces-konferencji-radosc-ze-wspolnego-odpoczynku\/","title":{"rendered":"","raw":""},"content":{"rendered":"","protected":false,"raw":""},"excerpt":{"rendered":"","protected":false,"raw":""},"author":3,"featured_media":679,"comment_status":"closed","ping_status":"open","sticky":false,"template":"","format":"standard","meta":{"_pl_post_content":"https:\/\/szczeciner.pl\/takiego-spotkania-w-szczecinie-jeszcze-nie-bylo-jak-poznac-radosc-ze-wspolnego-odpoczynku\/44624\/?fbclid=IwZnRzaAMdZt5leHRuA2FlbQIxMQABHlr4XGi107sEGVvHvhVKYEnxNcXvqzoieUDSNOF0knivW4lQcjjC5K9lRiVV_aem_s5pYOoH8tfBpXV3JD-kHrQ","_pl_post_name":"sukces-konferencji-radosc-ze-wspolnego-odpoczynku","_pl_post_excerpt":"","_pl_post_title":"Sukces konferencji - Rado\u015b\u0107 ze wsp\u00f3lnego odpoczynku.","_en_post_content":"","_en_post_name":"","_en_post_excerpt":"","_en_post_title":"","edit_language":"en"},"categories":[4],"tags":[],"_links":{"self":[{"href":"https:\/\/fundacjapelnaciepla.org\/wp-json\/wp\/v2\/posts\/674"}],"collection":[{"href":"https:\/\/fundacjapelnaciepla.org\/wp-json\/wp\/v2\/posts"}],"about":[{"href":"https:\/\/fundacjapelnaciepla.org\/wp-json\/wp\/v2\/types\/post"}],"author":[{"embeddable":true,"href":"https:\/\/fundacjapelnaciepla.org\/wp-json\/wp\/v2\/users\/3"}],"replies":[{"embeddable":true,"href":"https:\/\/fundacjapelnaciepla.org\/wp-json\/wp\/v2\/comments?post=674"}],"version-history":[{"count":1,"href":"https:\/\/fundacjapelnaciepla.org\/wp-json\/wp\/v2\/posts\/674\/revisions"}],"predecessor-version":[{"id":676,"href":"https:\/\/fundacjapelnaciepla.org\/wp-json\/wp\/v2\/posts\/674\/revisions\/676"}],"wp:featuredmedia":[{"embeddable":true,"href":"https:\/\/fundacjapelnaciepla.org\/wp-json\/wp\/v2\/media\/679"}],"wp:attachment":[{"href":"https:\/\/fundacjapelnaciepla.org\/wp-json\/wp\/v2\/media?parent=674"}],"wp:term":[{"taxonomy":"category","embeddable":true,"href":"https:\/\/fundacjapelnaciepla.org\/wp-json\/wp\/v2\/categories?post=674"},{"taxonomy":"post_tag","embeddable":true,"href":"https:\/\/fundacjapelnaciepla.org\/wp-json\/wp\/v2\/tags?post=674"}],"curies":[{"name":"wp","href":"https:\/\/api.w.org\/{rel}","templated":true}]}}