{"id":631,"date":"2022-03-24T14:43:38","date_gmt":"2022-03-24T13:43:38","guid":{"rendered":"https:\/\/fundacjapelnaciepla.org\/?p=631"},"modified":"2022-03-24T14:43:38","modified_gmt":"2022-03-24T13:43:38","slug":"","status":"publish","type":"post","link":"https:\/\/fundacjapelnaciepla.org\/aktualnosci\/wsparcie-dla-ukrainy\/","title":{"rendered":"","raw":""},"content":{"rendered":"","protected":false,"raw":""},"excerpt":{"rendered":"","protected":false,"raw":""},"author":4,"featured_media":630,"comment_status":"closed","ping_status":"open","sticky":false,"template":"","format":"standard","meta":{"_pl_post_content":"<div dir=\"ltr\">? Fundacja Pe\u0142na Ciep\u0142a anga\u017cuje si\u0119 w mniejsze i wi\u0119ksze projekty.<\/div>\r\n<div dir=\"ltr\">? W ostatni weekend uczestniczyli\u015bmy w pi\u0119knym koncercie charytatywnym.<\/div>\r\n<div dir=\"ltr\">? Przekazali\u015bmy \u015brodki dla bohatersko walcz\u0105cej Ukrainy?? i uchod\u017ac\u00f3w.<\/div>\r\n<div dir=\"ltr\">? W wype\u0142nionym po brzegi ko\u015bciele garnizonowym, mogli\u015bmy wys\u0142ucha\u0107 wspaniale wykonane Requiem d-moll W.A. Mozarta w wykonaniu solist\u00f3w: Ma\u0142gorzata Godlewska, Victoria Vatutina, Pavlo Tolstoy, Rafa\u0142 Pawnuk oraz ch\u00f3ru i orkiestry Opera na Zamku pod batut\u0105 Ma\u0142gorzaty Bornowskiej, poprzedzone hymnem Ukrainy.<\/div>\r\n<div dir=\"ltr\">? Darowizny na rzecz walcz\u0105cej Ukrainy by\u0142y zbierane przed koncertem przez Caritas Archidiecezji Szczeci\u0144sko-Kamie\u0144skiej . Mo\u017cna nadal udzieli\u0107 pomocy dokonuj\u0105c wp\u0142aty na konto:<\/div>\r\n<div dir=\"ltr\">? #Caritas wskazane na stronie ?https:\/\/caritas.szczecin.pl\/<\/div>\r\n<div dir=\"ltr\"><\/div>\r\n<div dir=\"ltr\">\u2764\ufe0f Jako Fundacja Pe\u0142na Ciep\u0142a r\u00f3wnie\u017c zbieramy \u015brodki dla naszych wschodnich s\u0105siad\u00f3w! Zach\u0119camy do pomagania!<\/div>\r\n<div dir=\"ltr\"><\/div>\r\n<div dir=\"ltr\">nr konta bankowego: 33 1090 1492 0000 0001 3607 6126<\/div>\r\n<div dir=\"ltr\">Dopisek: Ukraina<\/div>\r\n<div dir=\"ltr\"><\/div>\r\n<div dir=\"ltr\">#Zachodniopomorskie #SolidarnizUkrain\u0105 #PomorzeZachodnie<\/div>","_pl_post_name":"wsparcie-dla-ukrainy","_pl_post_excerpt":"","_pl_post_title":"Wsparcie dla Ukrainy","_en_post_content":"","_en_post_name":"","_en_post_excerpt":"","_en_post_title":"","edit_language":"en"},"categories":[4],"tags":[],"_links":{"self":[{"href":"https:\/\/fundacjapelnaciepla.org\/wp-json\/wp\/v2\/posts\/631"}],"collection":[{"href":"https:\/\/fundacjapelnaciepla.org\/wp-json\/wp\/v2\/posts"}],"about":[{"href":"https:\/\/fundacjapelnaciepla.org\/wp-json\/wp\/v2\/types\/post"}],"author":[{"embeddable":true,"href":"https:\/\/fundacjapelnaciepla.org\/wp-json\/wp\/v2\/users\/4"}],"replies":[{"embeddable":true,"href":"https:\/\/fundacjapelnaciepla.org\/wp-json\/wp\/v2\/comments?post=631"}],"version-history":[{"count":1,"href":"https:\/\/fundacjapelnaciepla.org\/wp-json\/wp\/v2\/posts\/631\/revisions"}],"predecessor-version":[{"id":632,"href":"https:\/\/fundacjapelnaciepla.org\/wp-json\/wp\/v2\/posts\/631\/revisions\/632"}],"wp:featuredmedia":[{"embeddable":true,"href":"https:\/\/fundacjapelnaciepla.org\/wp-json\/wp\/v2\/media\/630"}],"wp:attachment":[{"href":"https:\/\/fundacjapelnaciepla.org\/wp-json\/wp\/v2\/media?parent=631"}],"wp:term":[{"taxonomy":"category","embeddable":true,"href":"https:\/\/fundacjapelnaciepla.org\/wp-json\/wp\/v2\/categories?post=631"},{"taxonomy":"post_tag","embeddable":true,"href":"https:\/\/fundacjapelnaciepla.org\/wp-json\/wp\/v2\/tags?post=631"}],"curies":[{"name":"wp","href":"https:\/\/api.w.org\/{rel}","templated":true}]}}