{"id":349,"date":"2018-11-15T12:13:50","date_gmt":"2018-11-15T11:13:50","guid":{"rendered":"https:\/\/fundacjapelnaciepla.org\/?p=349"},"modified":"2018-12-04T09:31:23","modified_gmt":"2018-12-04T08:31:23","slug":"","status":"publish","type":"post","link":"https:\/\/fundacjapelnaciepla.org\/aktualnosci\/duet-ktory-wie-jak-pomagac\/","title":{"rendered":"","raw":""},"content":{"rendered":"","protected":false,"raw":""},"excerpt":{"rendered":"","protected":false,"raw":""},"author":3,"featured_media":357,"comment_status":"closed","ping_status":"open","sticky":false,"template":"","format":"standard","meta":{"_pl_post_content":"Znowu zago\u015bcili\u015bmy na \u0142amach szczeci\u0144skiego \"Presti\u017cu\", gdzie opowiadali\u015bmy o tym, jak z naszego marzenia o pomaganiu powsta\u0142a Fundacja Pe\u0142na Ciep\u0142a.\r\n\r\n&nbsp;\r\n\r\n<img class=\"size-full wp-image-359 aligncenter\" src=\"https:\/\/fundacjapelnaciepla.org\/wp-content\/uploads\/2018\/11\/okladka-1.jpg\" alt=\"\" width=\"354\" height=\"484\" \/>\r\n\r\n&nbsp;\r\n\r\n&nbsp;\r\n\r\n<strong>Wersja drukowana:<span style=\"color: #008000;\"> <a style=\"color: #008000;\" href=\"http:\/\/kizukmichalska.pl\/wp-content\/uploads\/2018\/08\/prestiz-lipiec-2018-.pdf\">KLIKNIJ TUTAJ<\/a><\/span><\/strong>\r\n<strong>Wersja www: <span style=\"color: #008000;\"><a style=\"color: #008000;\" href=\"http:\/\/prestizszczecin.pl\/magazyn\/117\/temat-z-okladki\/katarzyna-michalska-filip-kizuk-duet-ktory-wie-jak-pomagac\">KLIKNIJ TUTAJ<\/a><\/span><\/strong>\r\n\r\n<em>Na \u015bwiecie jest 7,6 miliarda ludzi. Znalezienie po\u015br\u00f3d nich osoby, z kt\u00f3r\u0105 mo\u017cna si\u0119 porozumie\u0107\u00a0bez s\u0142\u00f3w, przyjaciela na dobre i z\u0142e, a jednocze\u015bnie partnera biznesowego, graniczy z cudem. Im<\/em>\r\n<em>si\u0119 uda\u0142o. Wierz\u0105, \u017ce pokazuj\u0105c m\u0142odym ludziom dobre warto\u015bci mo\u017cna realnie zmieni\u0107 ich \u017cycie.\u00a0Wiedz\u0105, \u017ce najwa\u017cniejsze jest szcz\u0119\u015bliwe dzieci\u0144stwo, rodzina i poczucie bezpiecze\u0144stwa. Sw\u00f3j<\/em>\r\n<em>sukces zawodowy przekuwaj\u0105 w dobro. Z marzenia o pomaganiu innym powsta\u0142a\u00a0<a href=\"https:\/\/fundacjapelnaciepla.org\/\">Fundacja Pe\u0142na\u00a0Ciep\u0142a<\/a>, kt\u00f3ra b\u0119dzie zmienia\u0107 i szerzy\u0107 dobro lokalnie. Katarzyna Michalska i Filip Ki\u017cuk s\u0105 jednymi\u00a0z najlepszych w swojej bran\u017cy. Na co dzie\u0144 prowadz\u0105 kancelari\u0119 doradztwa gospodarczego. Ci\u0119\u017cko\u00a0pracuj\u0105, robi\u0105 dobre rzeczy i zach\u0119caj\u0105 do pomagania.<\/em>\r\n\r\n<strong>Pomaganie jest trudne?<\/strong>\r\n\r\n<strong>Katarzyna Michalska:<\/strong>\u00a0Tak. Pomaganie jest sztuk\u0105. Nie wystarczy da\u0107 komu\u015b raz got\u00f3wk\u0119 w kopercie, bo to nic nie zmieni.\u00a0Oczywi\u015bcie na pewn\u0105 chwil\u0119 b\u0119dzie stopniem do zmiany, ale\u00a0bywa, \u017ce to za ma\u0142o. Najcz\u0119\u015bciej potrzebne s\u0105 kompleksowe, przemy\u015blane i d\u0142ugofalowe dzia\u0142ania. Jak jest pomys\u0142 komu i jak pom\u00f3c to nagle okazuje si\u0119, \u017ce znajduj\u0105 si\u0119 przedsi\u0119biorcy, kt\u00f3rzy chc\u0105 si\u0119 dzieli\u0107 swoimi\u00a0dobrami.\u00a0Ale o przedsi\u0119biorcach my\u015bli si\u0119 bardziej, \u017ce to s\u0105 ludzie bezwzgl\u0119dni, nastawieni na cel i sukces, na mno\u017cenie, a nie dzielenie si\u0119.\u00a0Filip Ki\u017cuk: Oczywi\u015bcie rol\u0105 przedsi\u0119biorcy jest zarabianie i pomna\u017cania kapita\u0142u. Pami\u0119tajmy jednak, \u017ce to tak\u017ce s\u0105 ludzie maj\u0105cy swoje rodziny\u00a0i zatrudniaj\u0105cy osoby, kt\u00f3re tak\u017ce z kim\u015b \u017cyj\u0105. Mo\u017cna powiedzie\u0107, \u017ce taki\u00a0biznesmen swoj\u0105 dzia\u0142alno\u015bci\u0105 utrzymuje po\u015brednio wiele innych rodzin.\u00a0Nasi klienci to osoby odpowiedzialne, na sw\u00f3j spos\u00f3b empatyczne. My tak\u017ce si\u0119 od nich wiele uczymy i my\u015bl\u0119, \u017ce mamy moc przyci\u0105gania do siebie tych \u201elepszych\u201d\u00a0przedsi\u0119biorc\u00f3w.\r\n\r\n<strong>Dobro przyci\u0105ga dobro?<\/strong>\r\n\r\n<strong>F.K:<\/strong>\u00a0Chyba tak i mamy nadziej\u0119,\u00a0\u017ce dzi\u0119ki temu uda nam si\u0119 pomaga\u0107 na wi\u0119ksz\u0105 skal\u0119. Nasi przedsi\u0119biorcy pokazuj\u0105 odpowiedzialno\u015b\u0107 spo\u0142eczna biznesu.\u00a0\u015awiadcz\u0105 o sobie daj\u0105c przyk\u0142ad\r\npost\u0119powania. Pami\u0119tam tak\u0105\u00a0histori\u0119, gdy jeden z w\u0142a\u015bcicieli\u00a0firm, kt\u00f3rego obs\u0142ugiwali\u015bmy,\u00a0p\u00f3\u017ano wieczorem jecha\u0142 do swojego pracownika z pieni\u0119dzmi,\u00a0kt\u00f3re mu obieca\u0142. Nie chcia\u0142 czeka\u0107 do rana i chocia\u017c teoretycznie nic nie zmieni\u0142oby si\u0119, gdyby\u00a0zrobi\u0142 to nast\u0119pnego dnia rano,\u00a0to dane s\u0142owo by\u0142o dla niego\u00a0czym\u015b niezwykle wa\u017cnym.\r\n\r\n<strong>K.M:<\/strong>\u00a0Musze powiedzie\u0107 z do\u015bwiadczenia, i cho\u0107 nie jest to\u00a0oczywi\u015bcie regu\u0142\u0105, to w sposobie my\u015blenia na temat dobra\u00a0i z\u0142a mog\u0142aby by\u0107 zastosowana\u00a0pewna regu\u0142a, \u017ce ci \u017ali przedsi\u0119biorcy upadaj\u0105. My chcemy m\u00f3wi\u0107 o tych porz\u0105dnych, kt\u00f3rzy\u00a0robi\u0105 swoje bez chwalenia si\u0119.\u00a0W styczniu by\u0142am na \u015bwietnej\u00a0konferencji z udzia\u0142em polityk\u00f3w i przedstawicieli du\u017cego biznesu Warszawa-Davos 2018 \u201eJak\u00a0sklei\u0107 pop\u0119kany \u015bwiat\u201d. Du\u017co si\u0119\u00a0m\u00f3wi\u0142o o warto\u015bci jak\u0105 jest edukacja najm\u0142odszych, niwelowaniu nier\u00f3wno\u015bci spo\u0142ecznych, ale tak\u017ce\u00a0o odpowiedzialno\u015bci tych m\u0105drzejszych za s\u0142abszych\u2026 i \u017ce zmiany zaczynaj\u0105 si\u0119 lokalnie. I wierz\u0119 w to, \u017ce ma\u0142ymi krokami mo\u017cemy zmienia\u0107\u00a0\u015bwiat na lepsze.\r\n\r\n<strong>F.K:<\/strong>\u00a0Dobra karma wraca, ma\u0142e rzeczy wracaj\u0105 do nas w formie spot\u0119gowanej.\r\n\r\n<strong>I ta dobra karma do Was wr\u00f3ci\u0142a?<\/strong>\r\n\r\n<strong>K.M:<\/strong>\u00a0Nie chcia\u0142abym m\u00f3wi\u0107 o sobie, bo my robimy swoje, du\u017co i ci\u0119\u017cko\u00a0pracujemy. Jednak jak obserwujemy innych, to rzeczywi\u015bcie to wida\u0107.\u00a0Tak, dobro wraca.\r\n\r\n<strong>Patrz\u0105c na Was jestem przekonana, \u017ce wraca i motywuje dodatkowo do dzia\u0142ania.<\/strong>\r\n\r\n<strong>K.M:<\/strong>\u00a0Bo pomaganie jest bardzo przyjemne i troch\u0119 uzale\u017cniaj\u0105ce. Kiedy\u00a0raz zrobi si\u0119 co\u015b dobrego, chce si\u0119 wi\u0119cej. Ale to nie chodzi tylko o pieni\u0105dze. Mo\u017cna da\u0107 te\u017c pomys\u0142, czas, zaanga\u017cowanie, dobre s\u0142owo.\r\n\r\n<strong>F.K:<\/strong>\u00a0Teraz naszym zadaniem jest zrobi\u0107 w pe\u0142ni dzia\u0142aj\u0105c\u0105 organizacj\u0119,\u00a0kt\u00f3ra b\u0119dzie mia\u0142a jasne zasady post\u0119powania i b\u0119dzie si\u0119 kierowa\u0142a\u00a0czytelnymi regu\u0142ami. Chcemy, \u017ceby to mia\u0142o pozytywne prze\u0142o\u017cenie na\u00a0jako\u015b\u0107 \u017cycia, szczeg\u00f3lnie u m\u0142odych ludzi. Jeste\u015bmy przekonani, \u017ce z pomoc\u0105 dobrych ludzi to nam si\u0119 uda. Wierzymy, \u017ce szcz\u0119\u015bliwe dzieci\u0144stwo to dobra doros\u0142o\u015b\u0107.\r\n\r\n<strong>Waszym zdaniem dzieci\u0144stwo naprawd\u0119 jest takie wa\u017cne?<\/strong>\r\n\r\n<strong>K.M:<\/strong>\u00a0Cz\u0119sto zastanawia\u0142am si\u0119 jak rodzi si\u0119 z\u0142o, dlaczego dochodzi do\u00a0pewnych nadu\u017cy\u0107, zbrodni. Dlaczego niekt\u00f3rym przytrafiaj\u0105 si\u0119 z\u0142e rzeczy\u2026 Z racji swoich zawodowych obowi\u0105zk\u00f3w widz\u0119 tak\u017ce du\u017co dramat\u00f3w \u017cyciowych. Ludzi, kt\u00f3rzy znale\u017ali si\u0119 na dnie, bez rodziny, bez pieni\u0119dzy, bez motywacji do dalszego\u00a0\u017cycia. W niekt\u00f3rych historiach\u00a0wida\u0107 dotyk z\u0142a i co\u015b w tym jest\u00a0\u2013 jakby przyklejone dawno temu\u00a0z\u0142o ci\u0105gn\u0119\u0142o si\u0119 za kim\u015b, jakby\u00a0ten kto\u015b nie do\u015bwiadczy\u0142 nigdy\u00a0spokoju, niedzielnego obiadu\u00a0w gronie rodziny, blisko\u015bci, zaufania, wsp\u00f3lnego czasu\u2026 jakby\u00a0nie wiedzia\u0142, \u017ce mo\u017ce \u017cy\u0107 inaczej.\r\n\r\n<strong>F.K:<\/strong>\u00a0Tak\u2026 Z\u0142o potrafi si\u0119 rozprzestrzenia\u0107 i zabiera\u0107 nadziej\u0119. Kiedy s\u0142uchamy niekt\u00f3rych\u00a0tragicznych historii to wiele\u00a0z nich mia\u0142o pocz\u0105tek w trudnym dzieci\u0144stwie. Mo\u017ce to brzmi\u00a0banalnie, ale taka jest prawda.\u00a0Niepoza\u0142atwiane stare sprawy,\u00a0patologiczne sytuacje w dzieci\u0144stwie ci\u0105gn\u0105 si\u0119 przez \u017cycie,\u00a0a potem stykamy si\u0119 z takimi\u00a0obci\u0105\u017conymi doros\u0142ymi. Dlatego\u00a0tak wa\u017cne jest naszym zdanie\u00a0szcz\u0119\u015bliwe dzieci\u0144stwo i ka\u017cdy drobny dobry gest wobec najmniejszych.\r\n\r\n<strong>Od czego wszystko si\u0119 zacz\u0119\u0142o? Poetka i ekonomista za\u0142o\u017cyli fundacj\u0119\u2026<\/strong>\r\n\r\n<strong>K.M:<\/strong>\u00a0Nie my jedyni i nie ostatni wpadli\u015bmy na spo\u0142ecznikowski pomys\u0142. W samym Szczecinie\u00a0jest przecie\u017c wiele ciekawych\u00a0inicjatyw, wspania\u0142ych ludzi,\u00a0kt\u00f3rzy \u015bwietnie realizuj\u0105 swoje\u00a0za\u0142o\u017cenia \u2013 mog\u0142abym wymienia\u0107 i wymienia\u0107. Nie chcia\u0142abym\u00a0nikogo pomin\u0105\u0107 \u2013 cho\u0107 szczeg\u00f3lnie podoba mi si\u0119 dzia\u0142alno\u015b\u0107 Fundacji\u00a0Mam Dom, Fundacji Ma\u0142ych St\u00f3pek, Dzikiej Ostoi, Fundacji Moniki Pyrek,\u00a0od wielu lat przecie\u017c Fundacja Neptun robi bardzo wiele dla uzdolnionych\u00a0m\u0142odych artyst\u00f3w, szczeg\u00f3lnie mi bliska, bo wspieraj\u0105ca czytelnictwo\u00a0Fundacja Mi\u0119dzy Wierszami, a tak\u017ce to co robi\u0142 w ostatnich latach wspieraj\u0105c szczeci\u0144sk\u0105 kultur\u0119 Piotr Dro\u0144ski. To s\u0105 inicjatywy, kt\u00f3re wynikaj\u0105\u00a0z g\u0142\u0119bszej potrzeby zrobienia czego\u015b wi\u0119cej\u2026 My r\u00f3wnie\u017c doszli\u015bmy do\u00a0wniosku, \u017ce chcieliby\u015bmy mie\u0107 w\u0142asn\u0105 inicjatyw\u0119, w kt\u00f3rej g\u0142\u00f3wnym za\u00a0\u0142o\u017ceniem b\u0119dzie pomoc dzieciakom z biedniejszych, trudniejszych \u015brodowisk tak, by ich start w doros\u0142o\u015b\u0107 by\u0142 mo\u017cliwie najpi\u0119kniejszy\u2026 A zacz\u0119\u0142o si\u0119 dawno temu kiedy postanowili\u015bmy ze wsp\u00f3lnikiem prowadzi\u0107\u00a0firm\u0119 i okaza\u0142o si\u0119, \u017ce mamy podobne spostrze\u017cenia, wra\u017cliwo\u015b\u0107\u2026\r\n\r\n<strong>F.K:<\/strong>\u00a0Z obserwacji, na pocz\u0105tku, z w\u0142asnego najbli\u017cszego otoczenia.\u00a0Zaczynaj\u0105c od w\u0142asnej rodziny, kiedy rodzice pomagali i wspierali, po\u00a018 Temat z ok\u0142adki Temat z ok\u0142adki 19. W Szczecinie jest wiele ciekawych inicjatyw oraz ludzi, kt\u00f3rzy urodzili si\u0119 z genem pomagania i zaci\u0119ciem spo\u0142ecznikowskim. Fundacja\u00a0Pe\u0142na Ciep\u0142a nie jest wi\u0119c ewenementem, ale stanowi z pewno\u015bci\u0105\u00a0doskona\u0142e dope\u0142nienie programu pomocy w naszym mie\u015bcie. Dlatego te\u017c jako redakcja zach\u0119camy do wspierania wszelkich inicjatywy\u00a0spo\u0142ecznych, a naszym rozm\u00f3wcom szczeg\u00f3lnie \u017cyczymy sukces\u00f3w!\u00a020\u00a0tem podpatruj\u0105c innych m\u0105drych ludzi, kt\u00f3rzy robili co\u015b wi\u0119cej\u2026 Wymiar naszej dzia\u0142alno\u015bci od pocz\u0105tku mia\u0142 by\u0107 szerszy. Dzisiaj czerpie\u00a0my przyjemno\u015b\u0107 z tego, \u017ce mo\u017cemy wydatkowa\u0107, to co uda\u0142o nam si\u0119 wypracowa\u0107, nasz\u0105 walut\u0105 jest tak\u017ce nasz czas. Jeste\u015bmy zwyk\u0142ymi\u00a0przedsi\u0119biorcami, kt\u00f3rzy stwierdzili, \u017ce dobrze jest komu\u015b pom\u00f3c. Tym\u00a0bardziej, \u017ce os\u00f3b potrzebuj\u0105cych, tak\u017ce takich, kt\u00f3re zg\u0142asza\u0142y si\u0119 i zg\u0142aszaj\u0105 nadal, jest niestety bardzo du\u017co.\r\n\r\n<strong>Jest taka osoba, kt\u00f3ra jako\u015b mocno zapad\u0142a Wam w pami\u0119ci?<\/strong>\r\n\r\n<strong>F.K:<\/strong>\u00a0Jeden z artyst\u00f3w, chory na schizofreni\u0119, znakomity naszym zdaniem\u00a0malarz z du\u017c\u0105 wyobra\u017ani\u0105 i te\u017c bardzo trudn\u0105 przesz\u0142o\u015bci\u0105. Oddany ca\u0142kowicie sztuce. Przez kilkana\u015bcie lat nie uda\u0142o mu si\u0119 niczego sprzeda\u0107.\u00a0Wi\u0119c kiedy my zachwyceni jego osobowo\u015bci\u0105, skromno\u015bci\u0105 i tw\u00f3rczo\u015bci\u0105 kupili\u015bmy za poka\u017an\u0105 sum\u0119 jego obrazy, ten cz\u0142owiek by\u0142 ogromnie\u00a0wzruszony i zaskoczony. Dla nas czym\u015b wyj\u0105tkowym by\u0142a jego reakcja,\u00a0kt\u00f3rej nie zapomnimy chyba nigdy. Niekt\u00f3re jego obrazy wisz\u0105\u00a0w naszych domach do dzisiaj. To\u00a0by\u0142 dobry cz\u0142owiek, ale zupe\u0142nie\u00a0pogubiony, niezaradny\u2026\r\n\r\n<strong>Wspieracie tylko artyst\u00f3w?\u00a0<\/strong>\r\n\r\n<strong>K.M:<\/strong>\u00a0Mnie poruszaj\u0105 wszelkie\u00a0akcje i zbi\u00f3rki dotycz\u0105ce dzieci.\u00a0M\u00f3j wsp\u00f3lnik cz\u0119sto mia\u0142 ode mnie telefony, gdy zobaczy\u0142am\u00a0co\u015b w telewizji. M\u00f3wi\u0142am, \u017ce koniecznie musimy zrobi\u0107 przelew,\r\nalbo postara\u0107 si\u0119 jako\u015b inaczej\u00a0pom\u00f3c. Nasza dzia\u0142alno\u015b\u0107 ewoluowa\u0142a i zmieni\u0142a si\u0119 mocno dzi\u0119ki naszym podr\u00f3\u017com. W zesz\u0142ym roku zawodowo podczas\u00a0EXPO 2017 sp\u0119dzi\u0142am miesi\u0105c\u00a0w stolicy Kazachstanu. Mia\u0142am okazje pozna\u0107 nie tylko stolic\u0119,\u00a0 kt\u00f3ra robi na turystach du\u017ce\u00a0wra\u017cenie, ale tak\u017ce tereny wiejskie. Wniosek z takiej podr\u00f3\u017cy\u00a0nasuwa si\u0119 jeden \u2013 dzieci na\u00a0ca\u0142ym \u015bwiecie potrzebuj\u0105 tego\u00a0samego \u2013 szcz\u0119\u015bliwego dzieci\u0144stwa, dobrych wzorc\u00f3w. I po\u00a0my\u015bla\u0142am sobie wtedy, \u017ce u nas\u00a0te\u017c jest mn\u00f3stwo fajnych, niesamowitych dzieciak\u00f3w, kt\u00f3re potrzebuj\u0105 troch\u0119 ciep\u0142a\u2026 niewiele\u00a0trzeba, \u017ceby czyje\u015b \u017cycie by\u0142o\u00a0lepsze.\r\n\r\n<strong>Podr\u00f3\u017ce \u0142\u0105cz\u0105, wi\u0105\u017c\u0105 Wasze\u00a0plany i urzeczywistniaj\u0105 idee?<\/strong>\r\n\r\n<strong>K.M:<\/strong>\u00a0Tak, to co widzieli\u015bmy w innych krajach pchn\u0119\u0142o nas do\u00a0mocniejszego i bardziej intensywnego dzia\u0142ania. Podr\u00f3\u017ce powoduj\u0105, \u017ce zatrzymujemy si\u0119 i zastanawiamy nad tym co mamy. Ta my\u015bl, \u017ce wystarczy chwila i mo\u017ce nas nie\u00a0by\u0107, albo \u017ce mamy du\u017co szcz\u0119\u015bcia, \u017ce mieszkamy i \u017cyjemy w tym miejscu\u00a0a nie gdzie indziej, na pewno motywuje do dzia\u0142ania.\r\n\r\n<strong>F.K:<\/strong>\u00a0W Indiach widzieli\u015bmy ogromn\u0105 bied\u0119 i krzywd\u0119 dzieci. W Krajach\u00a0Ameryki Po\u0142udniowej niestety te\u017c jest wiele nier\u00f3wno\u015bci, kt\u00f3rymi dotkni\u0119te s\u0105 dzieciaki. Oczywi\u015bcie ka\u017cdy rejon \u015bwiata ma swoj\u0105 specyfik\u0119\u00a0i ci\u0119\u017cko jest por\u00f3wnywa\u0107 te kraje, jednak widz\u0105c maluchy tu\u0142aj\u0105ce si\u0119\u00a0i \u015bpi\u0105ce na ulicach nie mo\u017cna ju\u017c wyrzuci\u0107 tego obrazu ze swojej g\u0142owy.\u00a0Takie widoki motywuj\u0105 do dzia\u0142ania lokalnie. Znamy sw\u00f3j kraj, region\u00a0i wiemy, jakie s\u0105 jego realne potrzeby. \u015awiata nie zbawimy, ale ma\u0142ymi\u00a0krokami mo\u017cemy zmieni\u0107 co\u015b tutaj, do\u0142o\u017cy\u0107 swoj\u0105 cegie\u0142k\u0119 dla lepszej\u00a0przysz\u0142o\u015bci szczeg\u00f3lnie dla m\u0142odych ludzi.\r\n\r\n<strong>Kogo wspierali\u015bcie?<\/strong>\r\n\r\n<strong>F.K:<\/strong>\u00a0Mieli\u015bmy taki etap, w kt\u00f3rym bardzo intensywnie wspierali\u015bmy\u00a0malarzy, co spowodowa\u0142o, \u017ce ca\u0142e grupy os\u00f3b maluj\u0105cych r\u00f3\u017cne rzeczy\u00a0zg\u0142asza\u0142o si\u0119 do nas ze swoimi pracami. Dzisiaj mamy na strychu poka\u017an\u0105 galeri\u0119 dzie\u0142, kt\u00f3rych nigdy pewnie nie uda nam si\u0119 sprzeda\u0107, a ich\u00a0warto\u015b\u0107 to g\u0142\u00f3wnie warto\u015b\u0107 sentymentalna. Zdarza\u0142o si\u0119, \u017ce byli\u00a0to biedni studenci zarabiaj\u0105cy\u00a0w ten spos\u00f3b na \u017cycie, kt\u00f3rym\u00a0my nie potrafili\u015bmy odm\u00f3wi\u0107.\r\n\r\n<strong>K.M:<\/strong>\u00a0Sportowc\u00f3w, artyst\u00f3w,\u00a0inne fundacje, przypadkowych\u00a0ludzi spotkanych na naszej drodze\u2026 jestem przekonana, \u017ce\u00a0niemal ka\u017cdy w swoim \u017cyciu jest\u00a0fundatorem, ale mo\u017ce nawet\u00a0o tym nie wiedzie\u0107. Pami\u0119tam\u00a0histori\u0119 jednego z naszych klient\u00f3w \u2013 wspania\u0142ego przedsi\u0119biorcy, dodam bardzo zapracowanego, dysponuj\u0105cego niewielk\u0105\u00a0ilo\u015bci\u0105 czasu. Zupe\u0142nie bezinteresownie po\u015bwieci\u0142 kilka d\u0142ugich\u00a0chwil dla innego naszego klienta, kt\u00f3ry potrzebowa\u0142 porady,\u00a0dobrego s\u0142owa. Ten skromny\u00a0cz\u0142owiek sukcesu jest dla mnie\u00a0Tw\u00f3rc\u0105 Fundacji \u2013 da\u0142 sw\u00f3j czas,\u00a0\u017ceby kto\u015b inny zyska\u0142 nadziej\u0119\u2026\u00a0Takimi ma\u0142ymi gestami mo\u017cna\u00a0zmienia\u0107 \u015bwiat. My chcemy pomaga\u0107 dzieciakom, ale i zach\u0119ca\u0107 innych do wpierania dobrych inicjatyw.\u00a0Jakie plany na najbli\u017cszy czas?\r\n\r\n<strong>K.M:<\/strong>\u00a0Ko\u0144czymy opracowywa\u0107\u00a0projekt stworzenia dzieci\u0119cej\u00a0orkiestry symfonicznej\u2026 I szukamy pomys\u0142\u00f3w na kolejne projekty.\r\n\r\n<strong>F.K:<\/strong>\u00a0Zach\u0119camy do wspierania\u00a0nie tylko naszej Fundacji, ale innych lokalnych inicjatyw. Ka\u017cdy mo\u017ce by\u0107 wielkim darczy\u0144c\u0105 ofiaruj\u0105c\u00a0nawet ma\u0142\u0105 kwot\u0119.\r\n\r\n<strong>Dzi\u0119kujemy za rozmow\u0119, \u017cyczymy dalszych sukces\u00f3w.<\/strong>\r\n\r\nArtyku\u0142 Magazynu Presti\u017c ukaza\u0142 si\u0119 w Lipcowym wydaniu 2018 roku.\r\n\r\n<strong>Rozmawia\u0142a: Hanna Promie\u0144\r\nFoto: Panna LU\r\nStylizacja: Agnieszka Ogrodniczak\r\nPodzi\u0119kowania dla restauracji Stara Rze\u017ania\r\nza udost\u0119pnienie miejsca do sesji<\/strong>","_pl_post_name":"duet-ktory-wie-jak-pomagac","_pl_post_excerpt":"","_pl_post_title":"Duet, kt\u00f3ry wie jak pomaga\u0107","_en_post_content":"","_en_post_name":"","_en_post_excerpt":"","_en_post_title":"","edit_language":"en"},"categories":[4],"tags":[],"_links":{"self":[{"href":"https:\/\/fundacjapelnaciepla.org\/wp-json\/wp\/v2\/posts\/349"}],"collection":[{"href":"https:\/\/fundacjapelnaciepla.org\/wp-json\/wp\/v2\/posts"}],"about":[{"href":"https:\/\/fundacjapelnaciepla.org\/wp-json\/wp\/v2\/types\/post"}],"author":[{"embeddable":true,"href":"https:\/\/fundacjapelnaciepla.org\/wp-json\/wp\/v2\/users\/3"}],"replies":[{"embeddable":true,"href":"https:\/\/fundacjapelnaciepla.org\/wp-json\/wp\/v2\/comments?post=349"}],"version-history":[{"count":8,"href":"https:\/\/fundacjapelnaciepla.org\/wp-json\/wp\/v2\/posts\/349\/revisions"}],"predecessor-version":[{"id":377,"href":"https:\/\/fundacjapelnaciepla.org\/wp-json\/wp\/v2\/posts\/349\/revisions\/377"}],"wp:featuredmedia":[{"embeddable":true,"href":"https:\/\/fundacjapelnaciepla.org\/wp-json\/wp\/v2\/media\/357"}],"wp:attachment":[{"href":"https:\/\/fundacjapelnaciepla.org\/wp-json\/wp\/v2\/media?parent=349"}],"wp:term":[{"taxonomy":"category","embeddable":true,"href":"https:\/\/fundacjapelnaciepla.org\/wp-json\/wp\/v2\/categories?post=349"},{"taxonomy":"post_tag","embeddable":true,"href":"https:\/\/fundacjapelnaciepla.org\/wp-json\/wp\/v2\/tags?post=349"}],"curies":[{"name":"wp","href":"https:\/\/api.w.org\/{rel}","templated":true}]}}