{"id":282,"date":"2018-06-28T16:03:00","date_gmt":"2018-06-28T14:03:00","guid":{"rendered":"https:\/\/kizukmichalskafoundation.org\/?p=282"},"modified":"2018-10-04T14:41:17","modified_gmt":"2018-10-04T12:41:17","slug":"","status":"publish","type":"post","link":"https:\/\/fundacjapelnaciepla.org\/aktualnosci\/fundacja-pelna-ciepla-w-polskie-radio-24\/","title":{"rendered":"","raw":""},"content":{"rendered":"","protected":false,"raw":""},"excerpt":{"rendered":"","protected":false,"raw":""},"author":2,"featured_media":296,"comment_status":"closed","ping_status":"open","sticky":false,"template":"","format":"standard","meta":{"_pl_post_content":"W ramach naszej dzia\u0142alno\u015bci Fundacji Pe\u0142nej Ciep\u0142a, zostali\u015bmy zaproszeni do autorskiej audycji Macieja Wo\u017aniakiewicza, kt\u00f3rej celem jest komentowanie nag\u0142ych i niejednokrotnie zaskakuj\u0105cych, <!--more-->nieoczekiwanych wydarze\u0144 indywidualnych i zbiorowych, zwi\u0105zanych z nieszcz\u0119\u015bciem, krzywd\u0105 lub tragedi\u0105 ludzk\u0105. Wywiad zosta\u0142 przeprowadzony 16.06.18 o godzinie dla wczesnych ptaszk\u00f3w i motylk\u00f3w, czyli 07:37 rano!\r\n\r\nWi\u0119cej na temat naszego wywiadu <a href=\"https:\/\/www.polskieradio.pl\/130\/2788\/Artykul\/2151551,SOR-O-dzialalnosci-fundacji-pelnej-ciepla\">Fundacja Pe\u0142na Ciep\u0142a - Polskie Radio 24.<\/a>\r\n\r\n&nbsp;\r\n\r\n[gallery size=\"large\" ids=\"283,284,286,285\"]\r\n\r\n&nbsp;","_pl_post_name":"fundacja-pelna-ciepla-w-polskie-radio-24","_pl_post_excerpt":"","_pl_post_title":"Fundacja Pe\u0142na Ciep\u0142a w Polskim Radiu 24","_en_post_content":"","_en_post_name":"","_en_post_excerpt":"","_en_post_title":"","edit_language":"en"},"categories":[4],"tags":[],"_links":{"self":[{"href":"https:\/\/fundacjapelnaciepla.org\/wp-json\/wp\/v2\/posts\/282"}],"collection":[{"href":"https:\/\/fundacjapelnaciepla.org\/wp-json\/wp\/v2\/posts"}],"about":[{"href":"https:\/\/fundacjapelnaciepla.org\/wp-json\/wp\/v2\/types\/post"}],"author":[{"embeddable":true,"href":"https:\/\/fundacjapelnaciepla.org\/wp-json\/wp\/v2\/users\/2"}],"replies":[{"embeddable":true,"href":"https:\/\/fundacjapelnaciepla.org\/wp-json\/wp\/v2\/comments?post=282"}],"version-history":[{"count":10,"href":"https:\/\/fundacjapelnaciepla.org\/wp-json\/wp\/v2\/posts\/282\/revisions"}],"predecessor-version":[{"id":339,"href":"https:\/\/fundacjapelnaciepla.org\/wp-json\/wp\/v2\/posts\/282\/revisions\/339"}],"wp:featuredmedia":[{"embeddable":true,"href":"https:\/\/fundacjapelnaciepla.org\/wp-json\/wp\/v2\/media\/296"}],"wp:attachment":[{"href":"https:\/\/fundacjapelnaciepla.org\/wp-json\/wp\/v2\/media?parent=282"}],"wp:term":[{"taxonomy":"category","embeddable":true,"href":"https:\/\/fundacjapelnaciepla.org\/wp-json\/wp\/v2\/categories?post=282"},{"taxonomy":"post_tag","embeddable":true,"href":"https:\/\/fundacjapelnaciepla.org\/wp-json\/wp\/v2\/tags?post=282"}],"curies":[{"name":"wp","href":"https:\/\/api.w.org\/{rel}","templated":true}]}}