{"id":224,"date":"2018-06-20T12:23:02","date_gmt":"2018-06-20T10:23:02","guid":{"rendered":"https:\/\/kizukmichalskafoundation.org\/?p=224"},"modified":"2018-06-20T15:46:42","modified_gmt":"2018-06-20T13:46:42","slug":"","status":"publish","type":"post","link":"https:\/\/fundacjapelnaciepla.org\/projekty\/stargard-koszykowka\/","title":{"rendered":"","raw":""},"content":{"rendered":"","protected":false,"raw":""},"excerpt":{"rendered":"","protected":false,"raw":""},"author":2,"featured_media":271,"comment_status":"closed","ping_status":"open","sticky":false,"template":"","format":"standard","meta":{"_pl_post_content":"<p class=\"western\">Z przyjemno\u015bci\u0105 chcemy pokaza\u0107 Wam naszych podopiecznych ze Stargardu, kt\u00f3rzy dzielnie trenuj\u0105 i pod opiek\u0105 wspania\u0142ych trener\u00f3w nieustannie si\u0119 rozwijaj\u0105. Wspieramy klub od lat umo\u017cliwiaj\u0105c dzieciom rozw\u00f3j fizyczny i budowanie relacji zespo\u0142owych.<\/p>\r\nZach\u0119camy Ci\u0119 aby\u015b do\u0142\u0105czy\u0142\/a do nas i wspiera\u0142 nasze dzia\u0142ania na rzecz lepszego startu dzieci wykluczonych spo\u0142ecznie i w ci\u0119\u017ckiej sytuacji rodzinnej oraz finansowej. Jeste\u015bmy r\u00f3wnie\u017c otwarci na Twoje propozycje dzia\u0142a\u0144. Wspieraj dzieci z nami!\r\n\r\n&nbsp;\r\n\r\n[gallery columns=\"7\" ids=\"237,236,235,234,233,232,231,230,229,228\"]","_pl_post_name":"stargard-koszykowka","_pl_post_excerpt":"","_pl_post_title":"Stargard - koszyk\u00f3wka","_en_post_content":"","_en_post_name":"","_en_post_excerpt":"","_en_post_title":"","edit_language":"en"},"categories":[5],"tags":[],"_links":{"self":[{"href":"https:\/\/fundacjapelnaciepla.org\/wp-json\/wp\/v2\/posts\/224"}],"collection":[{"href":"https:\/\/fundacjapelnaciepla.org\/wp-json\/wp\/v2\/posts"}],"about":[{"href":"https:\/\/fundacjapelnaciepla.org\/wp-json\/wp\/v2\/types\/post"}],"author":[{"embeddable":true,"href":"https:\/\/fundacjapelnaciepla.org\/wp-json\/wp\/v2\/users\/2"}],"replies":[{"embeddable":true,"href":"https:\/\/fundacjapelnaciepla.org\/wp-json\/wp\/v2\/comments?post=224"}],"version-history":[{"count":7,"href":"https:\/\/fundacjapelnaciepla.org\/wp-json\/wp\/v2\/posts\/224\/revisions"}],"predecessor-version":[{"id":274,"href":"https:\/\/fundacjapelnaciepla.org\/wp-json\/wp\/v2\/posts\/224\/revisions\/274"}],"wp:featuredmedia":[{"embeddable":true,"href":"https:\/\/fundacjapelnaciepla.org\/wp-json\/wp\/v2\/media\/271"}],"wp:attachment":[{"href":"https:\/\/fundacjapelnaciepla.org\/wp-json\/wp\/v2\/media?parent=224"}],"wp:term":[{"taxonomy":"category","embeddable":true,"href":"https:\/\/fundacjapelnaciepla.org\/wp-json\/wp\/v2\/categories?post=224"},{"taxonomy":"post_tag","embeddable":true,"href":"https:\/\/fundacjapelnaciepla.org\/wp-json\/wp\/v2\/tags?post=224"}],"curies":[{"name":"wp","href":"https:\/\/api.w.org\/{rel}","templated":true}]}}