{"id":217,"date":"2018-06-05T17:36:11","date_gmt":"2018-06-05T15:36:11","guid":{"rendered":"https:\/\/kizukmichalskafoundation.org\/?p=217"},"modified":"2018-06-05T17:43:28","modified_gmt":"2018-06-05T15:43:28","slug":"","status":"publish","type":"post","link":"https:\/\/fundacjapelnaciepla.org\/aktualnosci\/prestiz-dajac-mozesz-zyskac\/","title":{"rendered":"","raw":""},"content":{"rendered":"","protected":false,"raw":""},"excerpt":{"rendered":"","protected":false,"raw":""},"author":2,"featured_media":221,"comment_status":"closed","ping_status":"open","sticky":false,"template":"","format":"standard","meta":{"_pl_post_content":"Tym razem trafili\u015bmy na \u0142amy Szczeci\u0144skiej gazety Presti\u017c. Niezmiernie cieszymy si\u0119 zainteresowaniem dotycz\u0105cym fundacji oraz wsparciem jakie nam okazujecie!\r\n\r\n<a href=\"https:\/\/fundacjapelnaciepla.org\/wp-content\/uploads\/2018\/06\/Prestiz-Daj\u0105c-mo\u017cesz-syska\u0107.-Filip-Ki\u017cuk-i-Katarzyna-Michalska.jpg\" target=\"_blank\" rel=\"noopener\"><img class=\"aligncenter wp-image-218 size-large\" title=\"Presti\u017c - Daj\u0105c mo\u017cesz zyska\u0107. Filip Ki\u017cuk i Katarzyna Michalska\" src=\"https:\/\/fundacjapelnaciepla.org\/wp-content\/uploads\/2018\/06\/Prestiz-Daj\u0105c-mo\u017cesz-syska\u0107.-Filip-Ki\u017cuk-i-Katarzyna-Michalska-1024x704.jpg\" alt=\"\" width=\"640\" height=\"440\" \/><\/a>","_pl_post_name":"prestiz-dajac-mozesz-zyskac","_pl_post_excerpt":"","_pl_post_title":"Presti\u017c - Daj\u0105c mo\u017cesz zyska\u0107","_en_post_content":"","_en_post_name":"","_en_post_excerpt":"","_en_post_title":"","edit_language":"en"},"categories":[4],"tags":[],"_links":{"self":[{"href":"https:\/\/fundacjapelnaciepla.org\/wp-json\/wp\/v2\/posts\/217"}],"collection":[{"href":"https:\/\/fundacjapelnaciepla.org\/wp-json\/wp\/v2\/posts"}],"about":[{"href":"https:\/\/fundacjapelnaciepla.org\/wp-json\/wp\/v2\/types\/post"}],"author":[{"embeddable":true,"href":"https:\/\/fundacjapelnaciepla.org\/wp-json\/wp\/v2\/users\/2"}],"replies":[{"embeddable":true,"href":"https:\/\/fundacjapelnaciepla.org\/wp-json\/wp\/v2\/comments?post=217"}],"version-history":[{"count":2,"href":"https:\/\/fundacjapelnaciepla.org\/wp-json\/wp\/v2\/posts\/217\/revisions"}],"predecessor-version":[{"id":220,"href":"https:\/\/fundacjapelnaciepla.org\/wp-json\/wp\/v2\/posts\/217\/revisions\/220"}],"wp:featuredmedia":[{"embeddable":true,"href":"https:\/\/fundacjapelnaciepla.org\/wp-json\/wp\/v2\/media\/221"}],"wp:attachment":[{"href":"https:\/\/fundacjapelnaciepla.org\/wp-json\/wp\/v2\/media?parent=217"}],"wp:term":[{"taxonomy":"category","embeddable":true,"href":"https:\/\/fundacjapelnaciepla.org\/wp-json\/wp\/v2\/categories?post=217"},{"taxonomy":"post_tag","embeddable":true,"href":"https:\/\/fundacjapelnaciepla.org\/wp-json\/wp\/v2\/tags?post=217"}],"curies":[{"name":"wp","href":"https:\/\/api.w.org\/{rel}","templated":true}]}}