{"id":213,"date":"2018-06-05T10:39:13","date_gmt":"2018-06-05T08:39:13","guid":{"rendered":"https:\/\/kizukmichalskafoundation.org\/?p=213"},"modified":"2018-06-20T15:55:14","modified_gmt":"2018-06-20T13:55:14","slug":"","status":"publish","type":"post","link":"https:\/\/fundacjapelnaciepla.org\/aktualnosci\/fundacja-w-telewizji\/","title":{"rendered":"","raw":""},"content":{"rendered":"","protected":false,"raw":""},"excerpt":{"rendered":"","protected":false,"raw":""},"author":2,"featured_media":216,"comment_status":"closed","ping_status":"open","sticky":false,"template":"","format":"standard","meta":{"_pl_post_content":"Kochani,\r\n\r\nz pe\u0142ni\u0105 dumy informujemy Was, \u017ce z okazji oficjalnego rozpocz\u0119cia dzia\u0142a\u0144 fundacji, zostali\u015bmy zaproszeni do studia TVP3 w ramach wywiadu. W jego trakcie wraz z utalentowan\u0105 Pani\u0105 prezenter rozmawia\u0142y\u015bmy o naszej dzia\u0142alno\u015bci, jej powstaniu oraz potrzebie jej funkcjonowania. Pe\u0142ny wywiad znajdziecie pod tym adresem: <a href=\"https:\/\/szczecin.tvp.pl\/sess\/tvplayer.php?object_id=37418809&amp;autoplay=true\" target=\"_blank\" rel=\"noopener\">MENU KULTURALNE: 29.05.18<\/a>\r\n\r\nZach\u0119camy!","_pl_post_name":"fundacja-w-telewizji","_pl_post_excerpt":"","_pl_post_title":"Fundacja w telewizji","_en_post_content":"","_en_post_name":"","_en_post_excerpt":"","_en_post_title":"","edit_language":"en"},"categories":[4],"tags":[],"_links":{"self":[{"href":"https:\/\/fundacjapelnaciepla.org\/wp-json\/wp\/v2\/posts\/213"}],"collection":[{"href":"https:\/\/fundacjapelnaciepla.org\/wp-json\/wp\/v2\/posts"}],"about":[{"href":"https:\/\/fundacjapelnaciepla.org\/wp-json\/wp\/v2\/types\/post"}],"author":[{"embeddable":true,"href":"https:\/\/fundacjapelnaciepla.org\/wp-json\/wp\/v2\/users\/2"}],"replies":[{"embeddable":true,"href":"https:\/\/fundacjapelnaciepla.org\/wp-json\/wp\/v2\/comments?post=213"}],"version-history":[{"count":4,"href":"https:\/\/fundacjapelnaciepla.org\/wp-json\/wp\/v2\/posts\/213\/revisions"}],"predecessor-version":[{"id":278,"href":"https:\/\/fundacjapelnaciepla.org\/wp-json\/wp\/v2\/posts\/213\/revisions\/278"}],"wp:featuredmedia":[{"embeddable":true,"href":"https:\/\/fundacjapelnaciepla.org\/wp-json\/wp\/v2\/media\/216"}],"wp:attachment":[{"href":"https:\/\/fundacjapelnaciepla.org\/wp-json\/wp\/v2\/media?parent=213"}],"wp:term":[{"taxonomy":"category","embeddable":true,"href":"https:\/\/fundacjapelnaciepla.org\/wp-json\/wp\/v2\/categories?post=213"},{"taxonomy":"post_tag","embeddable":true,"href":"https:\/\/fundacjapelnaciepla.org\/wp-json\/wp\/v2\/tags?post=213"}],"curies":[{"name":"wp","href":"https:\/\/api.w.org\/{rel}","templated":true}]}}