{"id":181,"date":"2018-05-23T17:49:55","date_gmt":"2018-05-23T15:49:55","guid":{"rendered":"https:\/\/kizukmichalskafoundation.org\/?p=181"},"modified":"2021-01-18T16:38:10","modified_gmt":"2021-01-18T15:38:10","slug":"new-start-of-the-fundation","status":"publish","type":"post","link":"https:\/\/fundacjapelnaciepla.org\/aktualnosci\/podziekowania\/","title":{"rendered":"New start of the fundation","raw":"New start of the fundation"},"content":{"rendered":"<p>We are sorry, but this post is unavailable in english<\/p>\n","protected":false,"raw":"We are sorry, but this post is unavailable in english"},"excerpt":{"rendered":"","protected":false,"raw":""},"author":2,"featured_media":204,"comment_status":"closed","ping_status":"open","sticky":false,"template":"","format":"standard","meta":{"_pl_post_content":"Jako przedsi\u0119biorcy dzia\u0142amy na rynku finansowym w Szczecinie od d\u0142ugich lat. Zajmujemy si\u0119 wszelkim doradztwem w tej materii oraz prowadzeniem przedsi\u0119biorc\u00f3w przez g\u0105szcz procedur stoj\u0105cych na drodze do poprawy sytuacji finansowej. Niezale\u017cnie czy chodzi o kredyty rozwojowe, restrukturyzacje czy inwestycje, zawsze dzia\u0142ali\u015bmy z najlepszymi specjalistami w\u00a0<span class=\"hiddenSpellError\">dzedzinie<\/span>\u00a0ci\u0119\u017cko pracuj\u0105c na sw\u00f3j sukces. Dzia\u0142alno\u015b\u0107 fundacji wspierali\u015bmy g\u0142\u00f3wnie z w\u0142asnych \u015brodk\u00f3w. Jak ka\u017cdy, robili\u015bmy to, bo po prostu chcemy pom\u00f3c. Nie afiszuj\u0105c si\u0119 za bardzo, od lat przeciwdzia\u0142ali\u015bmy wykluczeniu spo\u0142ecznemu dzieci z coraz lepszym skutkiem. Czasem przyt\u0142acza\u0142 nas fakt, \u017ce nie zale\u017cnie od tego ilu dzieciom pomo\u017cemy, zawsze s\u0105 kolejne, kt\u00f3re tej pomocy potrzebuj\u0105. S\u0105 jednak limity tego, co realnie jeste\u015bmy w stanie zrobi\u0107 w pojedynk\u0119. Z czasem pewna gorycz zacz\u0119\u0142a\u00a0<span class=\"hiddenSpellError\">perspirowa\u0107<\/span>\u00a0w dyskusjach z naszymi partnerami i klientami, kt\u00f3rzy s\u0142uchali nas z przej\u0119ciem. Raz za razem oferowali zainteresowanie i ch\u0119\u0107 wsparcia naszej fundacji. My\u015bl o zaproszeniu ludzi o podobnym zdaniu i pogl\u0105dach na temat wykluczenia spo\u0142ecznego dzieci, zacz\u0119\u0142a w nas powoli\u00a0dojrzewa\u0107, zanim\u00a0osi\u0105gn\u0119\u0142a swoj\u0105 ostateczn\u0105 form\u0119. Postanowili\u015bmy rozszerzy\u0107 dzia\u0142alno\u015b\u0107 fundacji i otworzy\u0107 j\u0105 na wszystkich tych, kt\u00f3rzy r\u00f3wnie\u017c chc\u0105 zapewni\u0107 dzieciom w trudnej sytuacji lepszy start. Start, kt\u00f3ry bez naszej pomocy nie\u00a0by\u0142by\u00a0mo\u017cliwy.\r\n\r\nJeste\u015bmy dumni z naszej decyzji oraz strony internetowej, kt\u00f3ra w sieci reprezentuje nasz\u0105 dzia\u0142alno\u015b\u0107 oraz naszych partner\u00f3w. Jeste\u015bmy przekonani, \u017ce wsp\u00f3lnie jeste\u015bmy w stanie odmieni\u0107 przysz\u0142o\u015b\u0107 wielu\u00a0dzieci.\r\n\r\nSymbolem naszej dzia\u0142alno\u015bci jest motyl Monarcha, kt\u00f3ry reprezentuje podr\u00f3\u017c oraz\u00a0przemian\u0119, jaka\u00a0z nasz\u0105 pomoc\u0105 ma nast\u0105pi\u0107 w naszych pupilach. Serdecznie Ci\u0119 zapraszamy, drogi czytelniku, do wsparcia naszych dzia\u0142a\u0144 i do\u0142\u0105czenia do grona partner\u00f3w fundacji Ki\u017cukMichalska.\r\n\r\nPoni\u017cej zamieszczamy garstk\u0119 ze wszystkich\u00a0podzi\u0119kowa\u0144, jakie\u00a0do tej pory otrzymali\u015bmy od naszych podopiecznych.\r\n\r\n[gallery columns=\"4\" ids=\"186,185,183,182\"]","_pl_post_name":"podziekowania","_pl_post_excerpt":"","_pl_post_title":"Nowy start fundacji","_en_post_content":"We are sorry, but this post is unavailable in english","_en_post_name":"new-start-of-the-fundation","_en_post_excerpt":"","_en_post_title":"New start of the fundation","edit_language":"en"},"categories":[4],"tags":[],"_links":{"self":[{"href":"https:\/\/fundacjapelnaciepla.org\/wp-json\/wp\/v2\/posts\/181"}],"collection":[{"href":"https:\/\/fundacjapelnaciepla.org\/wp-json\/wp\/v2\/posts"}],"about":[{"href":"https:\/\/fundacjapelnaciepla.org\/wp-json\/wp\/v2\/types\/post"}],"author":[{"embeddable":true,"href":"https:\/\/fundacjapelnaciepla.org\/wp-json\/wp\/v2\/users\/2"}],"replies":[{"embeddable":true,"href":"https:\/\/fundacjapelnaciepla.org\/wp-json\/wp\/v2\/comments?post=181"}],"version-history":[{"count":8,"href":"https:\/\/fundacjapelnaciepla.org\/wp-json\/wp\/v2\/posts\/181\/revisions"}],"predecessor-version":[{"id":434,"href":"https:\/\/fundacjapelnaciepla.org\/wp-json\/wp\/v2\/posts\/181\/revisions\/434"}],"wp:featuredmedia":[{"embeddable":true,"href":"https:\/\/fundacjapelnaciepla.org\/wp-json\/wp\/v2\/media\/204"}],"wp:attachment":[{"href":"https:\/\/fundacjapelnaciepla.org\/wp-json\/wp\/v2\/media?parent=181"}],"wp:term":[{"taxonomy":"category","embeddable":true,"href":"https:\/\/fundacjapelnaciepla.org\/wp-json\/wp\/v2\/categories?post=181"},{"taxonomy":"post_tag","embeddable":true,"href":"https:\/\/fundacjapelnaciepla.org\/wp-json\/wp\/v2\/tags?post=181"}],"curies":[{"name":"wp","href":"https:\/\/api.w.org\/{rel}","templated":true}]}}